{"id":12033,"date":"2024-10-25T08:37:42","date_gmt":"2024-10-25T06:37:42","guid":{"rendered":"https:\/\/www.amap44.org\/?p=12033"},"modified":"2024-10-25T08:41:39","modified_gmt":"2024-10-25T06:41:39","slug":"rencontre-des-producteurs-en-amap","status":"publish","type":"post","link":"https:\/\/www.amap44.org\/?p=12033","title":{"rendered":"Rencontre des producteurs en AMAP"},"content":{"rendered":"\n\n\n\n\n<h3><strong>4\u00e8me Rencontre Nationale des Producteurs et Coordinateurs en AMAP les <\/strong><strong>1 &amp; 2 f\u00e9vrier 2025 \u00e0 Sevrier (74)<\/strong><\/h3>\n<p>Apr\u00e8s la premi\u00e8re rencontre en 2012 \u00e0 Angers, la 2\u00e8me \u00e0 Borgo en Corse et la 3\u00e8me en 2016 \u00e0 St Herblain (44), l\u2019AMAP du \u00ab Potager Balmontin \u00bb d\u2019Odile Hameau et ses mangeurs, en Haute Savoie avec d\u2019autres producteurs et mangeurs en AMAP proches d\u2019Annecy (74) nous font le plaisir d\u2019organiser cette 4\u00e8me rencontre.<br \/>C\u2019est avec grand plaisir que nous nous retrouvons, essaimeurs de CREAMAP, Centre de Ressources pour l\u2019Essaimage des AMAP en France, qui regroupe depuis plus de 20 ans les historiques du partenariat producteur\/mangeurs, qui ont fait l\u2019exp\u00e9rience de la 1\u00e8re AMAP dans leur r\u00e9gion et dans toute la France.<br \/>Vous \u00eates acteurs, producteurs et coordinateurs en AMAP, venez \u00e9changer et d\u00e9battre des diff\u00e9rents th\u00e8mes \u00e0 d\u00e9finir bient\u00f4t.<\/p>\n<p>Pour des raisons de place, nous demandons aux producteurs de venir accompagn\u00e9s d\u2019un seul coordinateur. Si vous ne pouvez pas venir, faites-vous repr\u00e9senter par des jeunes ou nouveaux producteurs en AMAP que vous avez accompagn\u00e9s dans la lign\u00e9e de l\u2019essaimage sur les bases fondamentales d\u2019\u00e9conomie sociale et solidaire. Comme pour les pr\u00e9c\u00e9dentes rencontres, le samedi soir ce sera : auberge espagnole et soir\u00e9e festive. Pensez \u00e0 apporter vos produits locaux et vos\u00a0 instruments de musique. C\u2019est un vrai bonheur de pouvoir \u00e0 nouveau partager cette joie d\u2019avoir mis en place LA solution pour le maintien de l\u2019agriculteur et de sa ferme. Courier \u00e0 suivre sur le d\u00e9tail du d\u00e9roulement, l\u2019inscription et la r\u00e9servation.<br \/>Denise et Daniel Vuillon ( cr\u00e9ateurs de la 1\u00e8re AMAP en France en 2001 \u00e0 Toulon )<\/p>\n","protected":false},"excerpt":{"rendered":"<p>4\u00e8me Rencontre Nationale des Producteurs et Coordinateurs en AMAP les 1 &amp; 2 f\u00e9vrier 2025 \u00e0 Sevrier (74) Apr\u00e8s la premi\u00e8re rencontre en 2012 \u00e0 Angers, la 2\u00e8me \u00e0 Borgo en Corse et la 3\u00e8me en 2016 \u00e0 St Herblain (44), l\u2019AMAP du \u00ab Potager Balmontin \u00bb d\u2019Odile Hameau et ses mangeurs, en Haute Savoie [&hellip;]<\/p>\n","protected":false},"author":2,"featured_media":0,"comment_status":"closed","ping_status":"open","sticky":false,"template":"","format":"standard","meta":{"footnotes":""},"categories":[884],"tags":[],"class_list":["post-12033","post","type-post","status-publish","format-standard","hentry","category-actualites"],"_links":{"self":[{"href":"https:\/\/www.amap44.org\/index.php?rest_route=\/wp\/v2\/posts\/12033","targetHints":{"allow":["GET"]}}],"collection":[{"href":"https:\/\/www.amap44.org\/index.php?rest_route=\/wp\/v2\/posts"}],"about":[{"href":"https:\/\/www.amap44.org\/index.php?rest_route=\/wp\/v2\/types\/post"}],"author":[{"embeddable":true,"href":"https:\/\/www.amap44.org\/index.php?rest_route=\/wp\/v2\/users\/2"}],"replies":[{"embeddable":true,"href":"https:\/\/www.amap44.org\/index.php?rest_route=%2Fwp%2Fv2%2Fcomments&post=12033"}],"version-history":[{"count":4,"href":"https:\/\/www.amap44.org\/index.php?rest_route=\/wp\/v2\/posts\/12033\/revisions"}],"predecessor-version":[{"id":12037,"href":"https:\/\/www.amap44.org\/index.php?rest_route=\/wp\/v2\/posts\/12033\/revisions\/12037"}],"wp:attachment":[{"href":"https:\/\/www.amap44.org\/index.php?rest_route=%2Fwp%2Fv2%2Fmedia&parent=12033"}],"wp:term":[{"taxonomy":"category","embeddable":true,"href":"https:\/\/www.amap44.org\/index.php?rest_route=%2Fwp%2Fv2%2Fcategories&post=12033"},{"taxonomy":"post_tag","embeddable":true,"href":"https:\/\/www.amap44.org\/index.php?rest_route=%2Fwp%2Fv2%2Ftags&post=12033"}],"curies":[{"name":"wp","href":"https:\/\/api.w.org\/{rel}","templated":true}]}}